{"id":87,"date":"2024-07-07T23:19:57","date_gmt":"2024-07-07T21:19:57","guid":{"rendered":"https:\/\/aer-colombes.fr\/?p=87"},"modified":"2024-07-07T23:21:37","modified_gmt":"2024-07-07T21:21:37","slug":"un-ete-plein-daventures-au-centre-de-loisirs-activites-de-juillet-pour-les-enfants","status":"publish","type":"post","link":"https:\/\/aer-colombes.fr\/index.php\/2024\/07\/07\/un-ete-plein-daventures-au-centre-de-loisirs-activites-de-juillet-pour-les-enfants\/","title":{"rendered":"Un \u00c9t\u00e9 Plein d&#8217;Aventures au Centre de Loisirs : Activit\u00e9s de Juillet pour les Enfants"},"content":{"rendered":"<h2>Programme de Juillet au centre de loisirs des \u00e9l\u00e9mentaires de Jean-Jacques Rousseau<\/h2>\n<p>L&#8217;ann\u00e9e scolaire est finie, mais le centre de loisirs reste un lieu d&#8217;activit\u00e9s et de d\u00e9couvertes pour les enfants. L\u2019\u00e9quipe de JJR a pr\u00e9par\u00e9 une programmation riche en surprises pour le mois de juillet, afin de garantir des journ\u00e9es pleines de joie et de divertissement.<\/p>\n<p><img loading=\"lazy\" decoding=\"async\" class=\"alignnone size-large wp-image-88\" src=\"http:\/\/aer-colombes.fr\/wp-content\/uploads\/2024\/07\/20240703_183616-762x1024.jpg\" alt=\"Plein d'activit\u00e9s pr\u00e9vues pour juillet \" width=\"762\" height=\"1024\" srcset=\"https:\/\/aer-colombes.fr\/wp-content\/uploads\/2024\/07\/20240703_183616-762x1024.jpg 762w, https:\/\/aer-colombes.fr\/wp-content\/uploads\/2024\/07\/20240703_183616-223x300.jpg 223w, https:\/\/aer-colombes.fr\/wp-content\/uploads\/2024\/07\/20240703_183616-768x1032.jpg 768w, https:\/\/aer-colombes.fr\/wp-content\/uploads\/2024\/07\/20240703_183616-1143x1536.jpg 1143w, https:\/\/aer-colombes.fr\/wp-content\/uploads\/2024\/07\/20240703_183616-1524x2048.jpg 1524w, https:\/\/aer-colombes.fr\/wp-content\/uploads\/2024\/07\/20240703_183616-744x1000.jpg 744w, https:\/\/aer-colombes.fr\/wp-content\/uploads\/2024\/07\/20240703_183616-scaled.jpg 1905w\" sizes=\"(max-width: 762px) 100vw, 762px\" \/><\/p>\n<h2>Jeux en Plein Air et en int\u00e9rieur<\/h2>\n<p>Avec l&#8217;arriv\u00e9e des beaux jours, nos animateurs ont pr\u00e9vu de nombreuses activit\u00e9s en plein air et \u00e0 l&#8217;int\u00e9rieur du centre. De la p\u00e9tanque, du hockey,\u00a0 Dodge Ball etc. seront organis\u00e9s pour encourager l&#8217;esprit d&#8217;\u00e9quipe et la coop\u00e9ration entre les enfants. Ces jeux sont non seulement amusants, mais aussi b\u00e9n\u00e9fiques pour leur d\u00e9veloppement physique et social.<\/p>\n<h2>Excursions et Sorties<\/h2>\n<p>Notre programme de juillet inclut \u00e9galement des excursions passionnantes. Les enfants auront l&#8217;opportunit\u00e9 de visiter des fermes p\u00e9dagogiques, des parcs naturels et m\u00eame le cin\u00e9ma. Ces sorties sont con\u00e7ues pour \u00e9largir leurs horizons et leur offrir des exp\u00e9riences \u00e9ducatives en dehors du cadre habituel.<\/p>\n<h2>Conclusion<\/h2>\n<p>Le centre de loisirs est pr\u00eat \u00e0 accueillir les enfants pour un mois de juillet m\u00e9morable. Gr\u00e2ce \u00e0 une programmation vari\u00e9e et enrichissante, chaque journ\u00e9e sera une nouvelle aventure. N&#8217;h\u00e9sitez pas \u00e0 faire profiter vos enfants de ces belles activit\u00e9s estivales.<\/p>\n<p style=\"text-align: left;\">\n","protected":false},"excerpt":{"rendered":"<p>Programme de Juillet au centre de loisirs des \u00e9l\u00e9mentaires de Jean-Jacques Rousseau L&#8217;ann\u00e9e scolaire est finie, mais le centre de loisirs reste un [&hellip;]<\/p>\n","protected":false},"author":1,"featured_media":86,"comment_status":"open","ping_status":"open","sticky":false,"template":"","format":"standard","meta":{"_monsterinsights_skip_tracking":false,"_monsterinsights_sitenote_active":false,"_monsterinsights_sitenote_note":"","_monsterinsights_sitenote_category":0,"footnotes":""},"categories":[31],"tags":[32,33,34],"aioseo_notices":[],"_links":{"self":[{"href":"https:\/\/aer-colombes.fr\/index.php\/wp-json\/wp\/v2\/posts\/87"}],"collection":[{"href":"https:\/\/aer-colombes.fr\/index.php\/wp-json\/wp\/v2\/posts"}],"about":[{"href":"https:\/\/aer-colombes.fr\/index.php\/wp-json\/wp\/v2\/types\/post"}],"author":[{"embeddable":true,"href":"https:\/\/aer-colombes.fr\/index.php\/wp-json\/wp\/v2\/users\/1"}],"replies":[{"embeddable":true,"href":"https:\/\/aer-colombes.fr\/index.php\/wp-json\/wp\/v2\/comments?post=87"}],"version-history":[{"count":2,"href":"https:\/\/aer-colombes.fr\/index.php\/wp-json\/wp\/v2\/posts\/87\/revisions"}],"predecessor-version":[{"id":90,"href":"https:\/\/aer-colombes.fr\/index.php\/wp-json\/wp\/v2\/posts\/87\/revisions\/90"}],"wp:featuredmedia":[{"embeddable":true,"href":"https:\/\/aer-colombes.fr\/index.php\/wp-json\/wp\/v2\/media\/86"}],"wp:attachment":[{"href":"https:\/\/aer-colombes.fr\/index.php\/wp-json\/wp\/v2\/media?parent=87"}],"wp:term":[{"taxonomy":"category","embeddable":true,"href":"https:\/\/aer-colombes.fr\/index.php\/wp-json\/wp\/v2\/categories?post=87"},{"taxonomy":"post_tag","embeddable":true,"href":"https:\/\/aer-colombes.fr\/index.php\/wp-json\/wp\/v2\/tags?post=87"}],"curies":[{"name":"wp","href":"https:\/\/api.w.org\/{rel}","templated":true}]}}